{"id":978,"date":"2015-11-06T00:39:31","date_gmt":"2015-11-05T21:39:31","guid":{"rendered":"https:\/\/2015.lithuania.wordcamp.org\/?p=978"},"modified":"2016-07-28T10:34:12","modified_gmt":"2016-07-28T07:34:12","slug":"wordcamp-lietuva-2015-apzvalga","status":"publish","type":"post","link":"https:\/\/lithuania.wordcamp.org\/2015\/wordcamp-lietuva-2015-apzvalga\/","title":{"rendered":"WordCamp Lietuva 2015: ap\u017evalga"},"content":{"rendered":"<p>\u0160tai jau pora m\u0117nesi\u0173 pra\u0117jo po to, kai Vilniuje \u012fvyko pirmoji Lietuvos WordPress naudotoj\u0173 konferencija &#8211; WordCamp Lietuva 2015. Visiems, kurie atvykote, pad\u0117jote organizuoti, kalb\u0117jote ir par\u0117m\u0117te konferencij\u0105 &#8211; nuo\u0161irdus a\u010di\u016b. Tik kartu dirbdami mes tur\u0117sime aktyvi\u0105, bendraujan\u010di\u0105 ir kurian\u010di\u0105 WordPress bendruomen\u0119 Lietuvoje.\u00a0O dabar smulkiau apie tai, kas ir kaip \u012fvyko.<\/p>\n<h3>WordCamp Lietuva 2015 skai\u010diais<\/h3>\n<ul>\n<li>Parduota biliet\u0173 \u012f konferencij\u0105: 111<\/li>\n<li>Atvyko dalyvi\u0173: 103<\/li>\n<li>Tur\u0117jome 8\u00a0puikius r\u0117m\u0117jus,<\/li>\n<li>Ir net 9 nerealius prane\u0161\u0117jus!<\/li>\n<li>B\u016btina pamin\u0117ti 6 darb\u0161\u010diuosius savanorius,<\/li>\n<li>Kurie pad\u0117jo 5 organizatoriams i\u0161pildyti tai, kas vos prie\u0161 kelis m\u0117nesius atrod\u0117 tik dr\u0105si svajon\u0117!<\/li>\n<\/ul>\n<h3>J\u016bs\u0173\u00a0\u012fvertinimas<\/h3>\n<p>Pra\u0117jus kelioms dienoms po konferencijos, dalyviams i\u0161siunt\u0117me speciali\u0105 apklaus\u0105, kurioje gal\u0117jote \u012fvertinti, kas ir kaip pavyko ar nelabai, bei i\u0161sakyti savo nuomon\u0119 apie rengin\u012f bei l\u016bkes\u010dius atei\u010diai.<\/p>\n<p>D\u017eiaugiam\u0117s, kad bendrai pa\u0117mus konferencija daugumai J\u016bs\u0173 patiko, buvo \u012fdom\u016bs prane\u0161imai, sutikote nema\u017eai bendramin\u010di\u0173. Gyr\u0117te vietos pasirinkim\u0105, dirbtuves, vakar\u0117l\u012f ir pietus \ud83d\ude42<\/p>\n<p>D\u0117kojame ir u\u017e i\u0161sakyt\u0105 kritik\u0105 &#8211; visus pasteb\u0117jimus apie nesklandumus ar nepatogumus pasi\u017eym\u0117jome ir ateityje stengsim\u0117s, kad jie nesikartot\u0173.<\/p>\n<h3>U\u017efiksuoti \u012fsp\u016bd\u017eiai<\/h3>\n<p>Mintimis sugr\u012f\u017eti \u012f t\u0105 puiki\u0105 konferencijos dien\u0105 Jums pad\u0117s:<\/p>\n<ul>\n<li>renginio nuotraukos <a href=\"https:\/\/www.flickr.com\/photos\/142531766@N06\/\" target=\"_blank\">Flickr<\/a><\/li>\n<li>dalyvi\u0173 \u012fsp\u016bd\u017eiai socialiniuose tinkluose: <a href=\"https:\/\/www.facebook.com\/search\/top\/?q=%23wclithuania\" target=\"_blank\">Facebook<\/a>, <a href=\"https:\/\/twitter.com\/search?q=wclithuania\" target=\"_blank\">Twitter<\/a>, <a href=\"https:\/\/www.instagram.com\/explore\/tags\/wclithuania\/\" target=\"_blank\">Instagram<\/a><\/li>\n<li>konferencijos prane\u0161im\u0173 video portale WordPress.tv\u00a0(<em>ruo\u0161iame, atnaujinsime informacij\u0105 su nuoroda, kai bus \u012fkelta<\/em>)<\/li>\n<\/ul>\n<p>Dar kart\u0105 a\u010di\u016b visiems, ir iki kito karto!<\/p>\n","protected":false},"excerpt":{"rendered":"<p>\u0160tai jau pora m\u0117nesi\u0173 pra\u0117jo po to, kai Vilniuje \u012fvyko pirmoji Lietuvos WordPress naudotoj\u0173 konferencija &#8211; WordCamp Lietuva 2015. Visiems, kurie atvykote, pad\u0117jote organizuoti, kalb\u0117jote ir par\u0117m\u0117te konferencij\u0105 &#8211; nuo\u0161irdus a\u010di\u016b. Tik kartu dirbdami mes tur\u0117sime aktyvi\u0105, bendraujan\u010di\u0105 ir kurian\u010di\u0105 WordPress bendruomen\u0119 Lietuvoje.\u00a0O dabar smulkiau apie tai, kas ir kaip \u012fvyko. WordCamp Lietuva 2015 skai\u010diais &hellip; <a href=\"https:\/\/lithuania.wordcamp.org\/2015\/wordcamp-lietuva-2015-apzvalga\/\" class=\"more-link\">Continue reading <span class=\"screen-reader-text\">WordCamp Lietuva 2015: ap\u017evalga<\/span><\/a><\/p>\n","protected":false},"author":11226657,"featured_media":0,"comment_status":"open","ping_status":"open","sticky":false,"template":"","format":"standard","meta":{"_crdt_document":"","jetpack_post_was_ever_published":false,"_jetpack_newsletter_access":"","_jetpack_dont_email_post_to_subs":false,"_jetpack_newsletter_tier_id":0,"_jetpack_memberships_contains_paywalled_content":false,"_jetpack_memberships_contains_paid_content":false,"footnotes":""},"categories":[],"tags":[],"class_list":["post-978","post","type-post","status-publish","format-standard","hentry"],"jetpack_featured_media_url":"","jetpack_sharing_enabled":true,"_links":{"self":[{"href":"https:\/\/lithuania.wordcamp.org\/2015\/wp-json\/wp\/v2\/posts\/978","targetHints":{"allow":["GET"]}}],"collection":[{"href":"https:\/\/lithuania.wordcamp.org\/2015\/wp-json\/wp\/v2\/posts"}],"about":[{"href":"https:\/\/lithuania.wordcamp.org\/2015\/wp-json\/wp\/v2\/types\/post"}],"author":[{"embeddable":true,"href":"https:\/\/lithuania.wordcamp.org\/2015\/wp-json\/wp\/v2\/users\/11226657"}],"replies":[{"embeddable":true,"href":"https:\/\/lithuania.wordcamp.org\/2015\/wp-json\/wp\/v2\/comments?post=978"}],"version-history":[{"count":4,"href":"https:\/\/lithuania.wordcamp.org\/2015\/wp-json\/wp\/v2\/posts\/978\/revisions"}],"predecessor-version":[{"id":985,"href":"https:\/\/lithuania.wordcamp.org\/2015\/wp-json\/wp\/v2\/posts\/978\/revisions\/985"}],"wp:attachment":[{"href":"https:\/\/lithuania.wordcamp.org\/2015\/wp-json\/wp\/v2\/media?parent=978"}],"wp:term":[{"taxonomy":"category","embeddable":true,"href":"https:\/\/lithuania.wordcamp.org\/2015\/wp-json\/wp\/v2\/categories?post=978"},{"taxonomy":"post_tag","embeddable":true,"href":"https:\/\/lithuania.wordcamp.org\/2015\/wp-json\/wp\/v2\/tags?post=978"}],"curies":[{"name":"wp","href":"https:\/\/api.w.org\/{rel}","templated":true}]}}