{"id":634,"date":"2015-09-09T14:46:49","date_gmt":"2015-09-09T11:46:49","guid":{"rendered":"https:\/\/2015.lithuania.wordcamp.org\/?p=634"},"modified":"2015-09-09T14:49:36","modified_gmt":"2015-09-09T11:49:36","slug":"galutinis-praneseju-sarasas-ir-konferencijos-tvarkarastis","status":"publish","type":"post","link":"https:\/\/lithuania.wordcamp.org\/2015\/galutinis-praneseju-sarasas-ir-konferencijos-tvarkarastis\/","title":{"rendered":"Galutinis prane\u0161\u0117j\u0173 s\u0105ra\u0161as ir konferencijos tvarkara\u0161tis"},"content":{"rendered":"<p>Iki pirmosios WordCamp Lietuva konferencijos liko vos 10 dien\u0173! \u017dinome, kad su nekantrumu laukiate pilno WordCamp Lietuva 2015 prane\u0161\u0117j\u0173 s\u0105ra\u0161o bei prane\u0161im\u0173 tvarkara\u0161\u010dio, tad su d\u017eiaugsmu <a href=\"https:\/\/2015.lithuania.wordcamp.org\/tvarkarastis\/\">j\u012f skelbiame<\/a>!<\/p>\n<p>Pristatome dar du itin aktualia tema kalb\u0117sian\u010dius prane\u0161\u0117jus:<\/p>\n<h3><a href=\"https:\/\/2015.lithuania.wordcamp.org\/speaker\/milena-gecis\/\">Milena Ge\u010dis<\/a><\/h3>\n<p>Milena &#8211; profesionali teisinink\u0117, sugebanti efektyviai spr\u0119sti IT versle kylan\u010dias teisines problemas.<\/p>\n<h3><a href=\"https:\/\/2015.lithuania.wordcamp.org\/speaker\/zbignev-gecis\/\">Zbignev Ge\u010dis<\/a><\/h3>\n<p>Zbignev yra didel\u0119 patirt\u012f turintis UI\/UX dizaineris. Taip pat konsultuoja klientus patogumo, verslo proceso optimizavimo, estetikos klausimais.<\/p>\n<p>Prane\u0161imo metu Milena ir Zbignev aptars pagrindines IT versle kylan\u010dias teisines problemas bei atskleis efektyvius j\u0173 sprendimo b\u016bdus.<\/p>\n<hr \/>\n<p>Visus WordCamp Lietuva 2015 prane\u0161\u0117jus rasite specialiame puslapyje &#8220;<a href=\"https:\/\/2015.lithuania.wordcamp.org\/pranesejai\/\">Prane\u0161\u0117jai<\/a>&#8220;.<\/p>\n<p>Taip pat jau paruo\u0161tas galutinis <a href=\"https:\/\/2015.lithuania.wordcamp.org\/tvarkarastis\/\">konferencijos prane\u0161im\u0173 ir dirbtuvi\u0173 tvarkara\u0161tis<\/a> &#8211; nepamir\u0161kite savo <a href=\"https:\/\/2015.lithuania.wordcamp.org\/bilietai\/\">bilieto<\/a>! Viet\u0173 kiekis ribotas.<\/p>\n<hr \/>\n<p>Vis dar svarstote, ar WordCamp &#8211; Jums? O gal norite su\u017einoti daugiau apie WordCamp konferencijas apskritai? Paruo\u0161\u0117me <a href=\"https:\/\/2015.lithuania.wordcamp.org\/kas-yra-wordcamp-konferencija-ir-kam-ji-skirta\/\">special\u0173 \u012fra\u0161\u0105, kuriame \u0161ie klausimai atsakyti<\/a>!<\/p>\n<p>&nbsp;<\/p>\n<p style=\"text-align: center\"><a style=\"font-size: 18px;font-weight: bold;color: white;padding: 15px 25px;background-color: #4ee5ae;border-bottom: none !important\" href=\"https:\/\/2015.lithuania.wordcamp.org\/bilietai\/\">\u012eSIGYK BILIET\u0104<\/a><\/p>\n","protected":false},"excerpt":{"rendered":"<p>Iki pirmosios WordCamp Lietuva konferencijos liko vos 10 dien\u0173! \u017dinome, kad su nekantrumu laukiate pilno WordCamp Lietuva 2015 prane\u0161\u0117j\u0173 s\u0105ra\u0161o bei prane\u0161im\u0173 tvarkara\u0161\u010dio, tad su d\u017eiaugsmu j\u012f skelbiame! Pristatome dar du itin aktualia tema kalb\u0117sian\u010dius prane\u0161\u0117jus: Milena Ge\u010dis Milena &#8211; profesionali teisinink\u0117, sugebanti efektyviai spr\u0119sti IT versle kylan\u010dias teisines problemas. Zbignev Ge\u010dis Zbignev yra didel\u0119 &hellip; <a href=\"https:\/\/lithuania.wordcamp.org\/2015\/galutinis-praneseju-sarasas-ir-konferencijos-tvarkarastis\/\" class=\"more-link\">Continue reading <span class=\"screen-reader-text\">Galutinis prane\u0161\u0117j\u0173 s\u0105ra\u0161as ir konferencijos tvarkara\u0161tis<\/span><\/a><\/p>\n","protected":false},"author":11226657,"featured_media":0,"comment_status":"open","ping_status":"open","sticky":false,"template":"","format":"standard","meta":{"_crdt_document":"","jetpack_post_was_ever_published":false,"_jetpack_newsletter_access":"","_jetpack_dont_email_post_to_subs":false,"_jetpack_newsletter_tier_id":0,"_jetpack_memberships_contains_paywalled_content":false,"_jetpack_memberships_contains_paid_content":false,"footnotes":""},"categories":[],"tags":[],"class_list":["post-634","post","type-post","status-publish","format-standard","hentry"],"jetpack_featured_media_url":"","jetpack_sharing_enabled":true,"_links":{"self":[{"href":"https:\/\/lithuania.wordcamp.org\/2015\/wp-json\/wp\/v2\/posts\/634","targetHints":{"allow":["GET"]}}],"collection":[{"href":"https:\/\/lithuania.wordcamp.org\/2015\/wp-json\/wp\/v2\/posts"}],"about":[{"href":"https:\/\/lithuania.wordcamp.org\/2015\/wp-json\/wp\/v2\/types\/post"}],"author":[{"embeddable":true,"href":"https:\/\/lithuania.wordcamp.org\/2015\/wp-json\/wp\/v2\/users\/11226657"}],"replies":[{"embeddable":true,"href":"https:\/\/lithuania.wordcamp.org\/2015\/wp-json\/wp\/v2\/comments?post=634"}],"version-history":[{"count":22,"href":"https:\/\/lithuania.wordcamp.org\/2015\/wp-json\/wp\/v2\/posts\/634\/revisions"}],"predecessor-version":[{"id":791,"href":"https:\/\/lithuania.wordcamp.org\/2015\/wp-json\/wp\/v2\/posts\/634\/revisions\/791"}],"wp:attachment":[{"href":"https:\/\/lithuania.wordcamp.org\/2015\/wp-json\/wp\/v2\/media?parent=634"}],"wp:term":[{"taxonomy":"category","embeddable":true,"href":"https:\/\/lithuania.wordcamp.org\/2015\/wp-json\/wp\/v2\/categories?post=634"},{"taxonomy":"post_tag","embeddable":true,"href":"https:\/\/lithuania.wordcamp.org\/2015\/wp-json\/wp\/v2\/tags?post=634"}],"curies":[{"name":"wp","href":"https:\/\/api.w.org\/{rel}","templated":true}]}}