{"id":1,"date":"2015-07-13T16:10:57","date_gmt":"2015-07-13T13:10:57","guid":{"rendered":"https:\/\/2015.lithuania.wordcamp.org\/2015\/04\/21\/welcome-to-wordcamp-lithuania\/"},"modified":"2015-07-15T15:33:22","modified_gmt":"2015-07-15T12:33:22","slug":"wordcamp-lietuva-pagaliau","status":"publish","type":"post","link":"https:\/\/lithuania.wordcamp.org\/2015\/wordcamp-lietuva-pagaliau\/","title":{"rendered":"WordCamp Lietuva &#8211; pagaliau!"},"content":{"rendered":"<p><strong>Jau oficialu &#8211; pirmoji WordCamp Lietuva konferencija vyks Vilniuje, rugs\u0117jo 19 dien\u0105.<\/strong><\/p>\n<p>Tai pagrindinis met\u0173 renginys visiems Lietuvoje besidomintiems ir naudojantiems WordPress. Planuojama j\u012f rengti kasmet, ir taip suvienyti WP bendruomen\u0119 m\u016bs\u0173 \u0161alyje, dalintis patirtimi bei \u017einiomis apie populiariausi\u0105 pasaulyje TVS, susirasti draug\u0173 ir bendramin\u010di\u0173 bei gal\u0173 gale &#8211; puikiai praleisti laik\u0105.<\/p>\n<h2>Vilnius &#8211; pirmojo WordCamp&#8217;o miestas<\/h2>\n<p>K\u0105 gi daugiau gal\u0117jome pasirinkti debiutui, jei ne sostin\u0119. Nors Lietuvos WP bendruomen\u0117 kol kas n\u0117ra itin aktyvi, b\u016btent Vilniuje \u012fvyko jau 3 WordPress meetup&#8217;ai, WordCamp&#8217;o &#8220;ma\u017eieji broliai&#8221;. B\u016btent jie parod\u0117, kad poreikis WordCamp&#8217;ui Lietuvoje yra, ir susiformavus organizatori\u0173 komandai, nekantraujame parodyti Jums, k\u0105 ruo\u0161iame.<\/p>\n<p><img loading=\"lazy\" decoding=\"async\" class=\"alignnone size-large wp-image-167\" src=\"https:\/\/2015.lithuania.wordcamp.org\/files\/2015\/07\/vilnius1-1024x620.jpg\" alt=\"vilnius1\" width=\"660\" height=\"400\" srcset=\"https:\/\/lithuania.wordcamp.org\/2015\/files\/2015\/07\/vilnius1-1024x620.jpg 1024w, https:\/\/lithuania.wordcamp.org\/2015\/files\/2015\/07\/vilnius1-300x182.jpg 300w, https:\/\/lithuania.wordcamp.org\/2015\/files\/2015\/07\/vilnius1-495x300.jpg 495w\" sizes=\"auto, (max-width: 660px) 100vw, 660px\" \/><\/p>\n<p>Esame \u012fsitikin\u0119, kad \u012f Vilni\u0173 atvykti nesud\u0117tinga i\u0161 bet kurio Lietuvos kampelio, o dauguma ir neblogai pa\u017e\u012fsta \u0161\u012f miest\u0105 ar \u010dia gyvena. Jei visgi reikt\u0173 kokios nors pagalbos d\u0117l atvykimo ar apsigyvenimo, dr\u0105siai <a href=\"https:\/\/2015.lithuania.wordcamp.org\/susisiekite\/\">susisiekite su mumis<\/a> &#8211; pad\u0117sime!<\/p>\n<h2>Konferencijos vieta<\/h2>\n<p>WordCamp Lietuva 2015 vyks moderniame Socialini\u0173 Moksl\u0173 kolegijos pastate (Kalvarij\u0173 g. 137E), kur\u012f nesunku rasti ir lengva atvykti i\u0161 bet kurios Vilniaus vietos.<\/p>\n<p><img loading=\"lazy\" decoding=\"async\" class=\"alignnone size-large wp-image-166\" src=\"https:\/\/2015.lithuania.wordcamp.org\/files\/2015\/07\/smk1-1024x683.jpg\" alt=\"smk1\" width=\"660\" height=\"440\" srcset=\"https:\/\/lithuania.wordcamp.org\/2015\/files\/2015\/07\/smk1-1024x683.jpg 1024w, https:\/\/lithuania.wordcamp.org\/2015\/files\/2015\/07\/smk1-300x200.jpg 300w, https:\/\/lithuania.wordcamp.org\/2015\/files\/2015\/07\/smk1-450x300.jpg 450w, https:\/\/lithuania.wordcamp.org\/2015\/files\/2015\/07\/smk1.jpg 2048w\" sizes=\"auto, (max-width: 660px) 100vw, 660px\" \/><\/p>\n<p>\u0160viesios ir patogios erdv\u0117s, visa reikiama infrastrukt\u016bra, puik\u016bs vadovai &#8211; \u0161tai d\u0117l ko pirmasis WordCamp vyks Socialini\u0173 Moksl\u0173 Kolegijoje. Daugiau apie konferencijos viet\u0105 bei nuorodas, kaip atvykti rasite <a href=\"https:\/\/2015.lithuania.wordcamp.org\/renginio-vieta\/\">Renginio vieta<\/a>.<\/p>\n<h2>Bendraukime<\/h2>\n<p>Naujienas apie rengin\u012f skelbsime \u010dia, nor\u0117dami nepraleisti svarbi\u0173 \u017eini\u0173, u\u017esisakykite naujus \u012fra\u0161us \u012f el.pa\u0161t\u0105 ir visk\u0105 su\u017einosite pirmieji (forma kairiame \u0161one).<\/p>\n<p>\u0160iuo metu ypa\u010d <a href=\"https:\/\/2015.lithuania.wordcamp.org\/remejams\/\">laukiame norin\u010di\u0173 rengin\u012f paremti<\/a> arba <a href=\"https:\/\/2015.lithuania.wordcamp.org\/tapk-praneseju\/\">pasidalinti jame savo \u017einiomis\/nuomone<\/a> nuo scenos!<\/p>\n<p><small>\u00a9 Panorama of Vilnius uptown (Lithuania) by Lestat (Jan Mehlich) \/ Wikimedia Commons \/ CC-BY-SA-3.0 \/ GFDL<\/small><br \/>\n<small>\u00a9 Cathedral in Vilnius by Pudelek (Marcin Szala) \/ CC-BY-SA-3.0 <\/small><\/p>\n","protected":false},"excerpt":{"rendered":"<p>Jau oficialu &#8211; pirmoji WordCamp Lietuva konferencija vyks Vilniuje, rugs\u0117jo 19 dien\u0105. Tai pagrindinis met\u0173 renginys visiems Lietuvoje besidomintiems ir naudojantiems WordPress. Planuojama j\u012f rengti kasmet, ir taip suvienyti WP bendruomen\u0119 m\u016bs\u0173 \u0161alyje, dalintis patirtimi bei \u017einiomis apie populiariausi\u0105 pasaulyje TVS, susirasti draug\u0173 ir bendramin\u010di\u0173 bei gal\u0173 gale &#8211; puikiai praleisti laik\u0105. Vilnius &#8211; pirmojo &hellip; <a href=\"https:\/\/lithuania.wordcamp.org\/2015\/wordcamp-lietuva-pagaliau\/\" class=\"more-link\">Continue reading <span class=\"screen-reader-text\">WordCamp Lietuva &#8211; pagaliau!<\/span><\/a><\/p>\n","protected":false},"author":11226657,"featured_media":328,"comment_status":"open","ping_status":"open","sticky":false,"template":"","format":"standard","meta":{"_crdt_document":"","jetpack_post_was_ever_published":false,"_jetpack_newsletter_access":"","_jetpack_dont_email_post_to_subs":false,"_jetpack_newsletter_tier_id":0,"_jetpack_memberships_contains_paywalled_content":false,"_jetpack_memberships_contains_paid_content":false,"footnotes":""},"categories":[],"tags":[],"class_list":["post-1","post","type-post","status-publish","format-standard","has-post-thumbnail","hentry"],"jetpack_featured_media_url":"https:\/\/lithuania.wordcamp.org\/2015\/files\/2015\/07\/1024px-Vilnius_-_Panorama_01.jpg","jetpack_sharing_enabled":true,"_links":{"self":[{"href":"https:\/\/lithuania.wordcamp.org\/2015\/wp-json\/wp\/v2\/posts\/1","targetHints":{"allow":["GET"]}}],"collection":[{"href":"https:\/\/lithuania.wordcamp.org\/2015\/wp-json\/wp\/v2\/posts"}],"about":[{"href":"https:\/\/lithuania.wordcamp.org\/2015\/wp-json\/wp\/v2\/types\/post"}],"author":[{"embeddable":true,"href":"https:\/\/lithuania.wordcamp.org\/2015\/wp-json\/wp\/v2\/users\/11226657"}],"replies":[{"embeddable":true,"href":"https:\/\/lithuania.wordcamp.org\/2015\/wp-json\/wp\/v2\/comments?post=1"}],"version-history":[{"count":12,"href":"https:\/\/lithuania.wordcamp.org\/2015\/wp-json\/wp\/v2\/posts\/1\/revisions"}],"predecessor-version":[{"id":327,"href":"https:\/\/lithuania.wordcamp.org\/2015\/wp-json\/wp\/v2\/posts\/1\/revisions\/327"}],"wp:featuredmedia":[{"embeddable":true,"href":"https:\/\/lithuania.wordcamp.org\/2015\/wp-json\/wp\/v2\/media\/328"}],"wp:attachment":[{"href":"https:\/\/lithuania.wordcamp.org\/2015\/wp-json\/wp\/v2\/media?parent=1"}],"wp:term":[{"taxonomy":"category","embeddable":true,"href":"https:\/\/lithuania.wordcamp.org\/2015\/wp-json\/wp\/v2\/categories?post=1"},{"taxonomy":"post_tag","embeddable":true,"href":"https:\/\/lithuania.wordcamp.org\/2015\/wp-json\/wp\/v2\/tags?post=1"}],"curies":[{"name":"wp","href":"https:\/\/api.w.org\/{rel}","templated":true}]}}